{"id":735,"date":"2014-11-27T10:17:30","date_gmt":"2014-11-27T10:17:30","guid":{"rendered":"https:\/\/comeniusmathematiques.portail15.fr\/?p=735"},"modified":"2015-04-27T15:38:48","modified_gmt":"2015-04-27T15:38:48","slug":"reunion-pour-le-projet-comenius","status":"publish","type":"post","link":"https:\/\/comeniusmathematiques.portail15.fr\/?p=735","title":{"rendered":"La Tribu"},"content":{"rendered":"<h3>The tribe<\/h3> <h4>The educational project of the school of Camprodon.<\/h4> <h4>Le projet p\u00e9dagogique de l&#8217;\u00e9cole de Camprodon.<\/h4> <p>Rosa et Carme pr\u00e9sentent le projet de l&#8217;\u00e9cole d\u00e9but\u00e9 il y a 15 ans.<br \/> Rosa and Carme present the project of the school begun 15 years ago.<\/p> <p><iframe loading=\"lazy\" src=\"https:\/\/www.youtube.com\/embed\/qQmjrX8dh9w\" width=\"560\" height=\"315\" frameborder=\"0\" allowfullscreen=\"allowfullscreen\"><\/iframe><\/p> <p><iframe loading=\"lazy\" src=\"https:\/\/www.youtube.com\/embed\/T4frUT7A698\" width=\"560\" height=\"315\" frameborder=\"0\" allowfullscreen=\"allowfullscreen\"><\/iframe><\/p> <p><iframe src=\"\/\/docs.google.com\/viewer?url=https%3A%2F%2Fcomeniusmathematiques.portail15.fr%2Fwp-content%2Fuploads%2F2014%2F11%2FConsciencia-de-tribuv2.pdf&hl=fr&embedded=true\" class=\"gde-frame\" style=\"width:100%; height:500px; border: none;\" scrolling=\"no\"><\/iframe>\n<p class=\"gde-text\"><a href=\"https:\/\/comeniusmathematiques.portail15.fr\/wp-content\/uploads\/2014\/11\/Consciencia-de-tribuv2.pdf\" class=\"gde-link\">T\u00e9l\u00e9charger (PDF, 3.08MB)<\/a><\/p><\/p> <p><iframe src=\"\/\/docs.google.com\/viewer?url=https%3A%2F%2Fcomeniusmathematiques.portail15.fr%2Fwp-content%2Fuploads%2F2014%2F11%2Fla-tribu_camprodon_2014.pdf&hl=fr&embedded=true\" class=\"gde-frame\" style=\"width:100%; height:500px; border: none;\" scrolling=\"no\"><\/iframe>\n<p class=\"gde-text\"><a href=\"https:\/\/comeniusmathematiques.portail15.fr\/wp-content\/uploads\/2014\/11\/la-tribu_camprodon_2014.pdf\" class=\"gde-link\">T\u00e9l\u00e9charger (PDF, 83KB)<\/a><\/p><\/p> ","protected":false},"excerpt":{"rendered":"<p>Pr\u00e9sentation du projet p\u00e9dagogique de l&#8217;\u00e9cole de Camprodon<br \/>\nPresentation of the educational project of the school of Camprodon<\/p>\n","protected":false},"author":3,"featured_media":1346,"comment_status":"closed","ping_status":"closed","sticky":false,"template":"","format":"standard","meta":{"footnotes":""},"categories":[14,2,5,3],"tags":[],"class_list":["post-735","post","type-post","status-publish","format-standard","has-post-thumbnail","hentry","category-catalogne","category-rencontres","category-reunions","category-videos"],"_links":{"self":[{"href":"https:\/\/comeniusmathematiques.portail15.fr\/index.php?rest_route=\/wp\/v2\/posts\/735","targetHints":{"allow":["GET"]}}],"collection":[{"href":"https:\/\/comeniusmathematiques.portail15.fr\/index.php?rest_route=\/wp\/v2\/posts"}],"about":[{"href":"https:\/\/comeniusmathematiques.portail15.fr\/index.php?rest_route=\/wp\/v2\/types\/post"}],"author":[{"embeddable":true,"href":"https:\/\/comeniusmathematiques.portail15.fr\/index.php?rest_route=\/wp\/v2\/users\/3"}],"replies":[{"embeddable":true,"href":"https:\/\/comeniusmathematiques.portail15.fr\/index.php?rest_route=%2Fwp%2Fv2%2Fcomments&post=735"}],"version-history":[{"count":12,"href":"https:\/\/comeniusmathematiques.portail15.fr\/index.php?rest_route=\/wp\/v2\/posts\/735\/revisions"}],"predecessor-version":[{"id":1648,"href":"https:\/\/comeniusmathematiques.portail15.fr\/index.php?rest_route=\/wp\/v2\/posts\/735\/revisions\/1648"}],"wp:featuredmedia":[{"embeddable":true,"href":"https:\/\/comeniusmathematiques.portail15.fr\/index.php?rest_route=\/wp\/v2\/media\/1346"}],"wp:attachment":[{"href":"https:\/\/comeniusmathematiques.portail15.fr\/index.php?rest_route=%2Fwp%2Fv2%2Fmedia&parent=735"}],"wp:term":[{"taxonomy":"category","embeddable":true,"href":"https:\/\/comeniusmathematiques.portail15.fr\/index.php?rest_route=%2Fwp%2Fv2%2Fcategories&post=735"},{"taxonomy":"post_tag","embeddable":true,"href":"https:\/\/comeniusmathematiques.portail15.fr\/index.php?rest_route=%2Fwp%2Fv2%2Ftags&post=735"}],"curies":[{"name":"wp","href":"https:\/\/api.w.org\/{rel}","templated":true}]}}